{"id":7859,"date":"2025-04-28T11:15:07","date_gmt":"2025-04-28T09:15:07","guid":{"rendered":"https:\/\/campano.salesianos.edu\/colegio\/?p=7859"},"modified":"2025-04-28T11:15:12","modified_gmt":"2025-04-28T09:15:12","slug":"el-alcalde-de-chiclana-rinde-homenaje-a-juan-jose-jimenez-zarco-por-su-labor-al-frente-de-salesianos-campano-2","status":"publish","type":"post","link":"https:\/\/campano.salesianos.edu\/colegio\/el-alcalde-de-chiclana-rinde-homenaje-a-juan-jose-jimenez-zarco-por-su-labor-al-frente-de-salesianos-campano-2\/","title":{"rendered":"El alcalde de Chiclana rinde homenaje a Juan Jos\u00e9 Jim\u00e9nez Zarco por su labor al frente de Salesianos Campano"},"content":{"rendered":"<div id=\"fb-root\"><\/div>\n<p>[et_pb_section fb_built=\u00bb1&#8243; theme_builder_area=\u00bbpost_content\u00bb _builder_version=\u00bb4.27.4&#8243; _module_preset=\u00bbdefault\u00bb da_is_popup=\u00bboff\u00bb da_exit_intent=\u00bboff\u00bb da_has_close=\u00bbon\u00bb da_alt_close=\u00bboff\u00bb da_dark_close=\u00bboff\u00bb da_not_modal=\u00bbon\u00bb da_is_singular=\u00bboff\u00bb da_with_loader=\u00bboff\u00bb da_has_shadow=\u00bbon\u00bb da_disable_devices=\u00bboff|off|off\u00bb][et_pb_row _builder_version=\u00bb4.27.4&#8243; _module_preset=\u00bbdefault\u00bb theme_builder_area=\u00bbpost_content\u00bb][et_pb_column _builder_version=\u00bb4.27.4&#8243; _module_preset=\u00bbdefault\u00bb type=\u00bb4_4&#8243; theme_builder_area=\u00bbpost_content\u00bb][et_pb_text _builder_version=\u00bb4.27.4&#8243; _module_preset=\u00bbdefault\u00bb theme_builder_area=\u00bbpost_content\u00bb hover_enabled=\u00bb0&#8243; sticky_enabled=\u00bb0&#8243;]<\/p>\n<div class=\"et_pb_module et_pb_text et_pb_text_0  et_pb_text_align_justified et_pb_bg_layout_light\">\n<div class=\"et_pb_text_inner\">\n<p data-prosemirror-content-type=\"node\" data-prosemirror-node-name=\"paragraph\" data-prosemirror-node-block=\"true\">El alcalde de la ciudad, Jos\u00e9 Mar\u00eda Rom\u00e1n, ha rendido homenaje en la ma\u00f1ana del 25 de abril, durante la clausura de la Feria de Formaci\u00f3n y Empleo, a\u00a0<strong>Juan Jos\u00e9 Jim\u00e9nez Zarco<\/strong>,\u00a0<em>director titular de los Salesianos de Campano,<\/em>\u00a0que se jubila este mes de mayo. Durante el acto, el regidor chiclanero hizo entrega de una placa en la que se resume de forma muy breve lo que ha sido su trayectoria durante tantos a\u00f1o en la familia salesiana.<\/p>\n<p data-prosemirror-content-type=\"node\" data-prosemirror-node-name=\"paragraph\" data-prosemirror-node-block=\"true\">Un texto que hace menci\u00f3n a las oportunidades que se le han dado a tantos j\u00f3venes que quer\u00edan formarse, ayudando tambi\u00e9n a otras personas que no siendo tan j\u00f3venes se han formado para encontrar una nueva orientaci\u00f3n laboral y m\u00e1s oportunidades de empleo. Con este reconocimiento, el alcalde, en nombre de la ciudad de Chiclana, ha querido agradecer esa labor de formaci\u00f3n y educadora a Juan Jos\u00e9 Jim\u00e9nez Zarco y a al colegio Salesiano de Campano.<\/p>\n<blockquote>\n<p data-prosemirror-content-type=\"node\" data-prosemirror-node-name=\"paragraph\" data-prosemirror-node-block=\"true\">Jos\u00e9 Mar\u00eda Rom\u00e1n ha destacado su vinculaci\u00f3n con Chiclana, \u201cporque ha mimado y ha trabajado por nuestra ciudad muchos a\u00f1os, trabajando por Campano con devoci\u00f3n, con cari\u00f1o y con afecto sincero\u201d. Adem\u00e1s, ha rese\u00f1ado su buena disposici\u00f3n para atender las petici\u00f3n en cuanto a formaci\u00f3n que siempre le ha planteado el Ayuntamiento, \u201cabri\u00e9ndonos las puertas de Campano para poder realizar estas acciones formativas. Es por eso que queremos agradecerle esa buena disposici\u00f3n y compromiso con la ciudad\u201d.<\/p>\n<\/blockquote>\n<p data-prosemirror-content-type=\"node\" data-prosemirror-node-name=\"paragraph\" data-prosemirror-node-block=\"true\">Juan Jos\u00e9 Jim\u00e9nez Zarco ha agradecido este reconocimiento, destacando la cercan\u00eda siempre con el Ayuntamiento, \u201cporque esto hizo que pudi\u00e9ramos cambiar la imagen de los Salesianos de Campano, haci\u00e9ndola una casa en la que se vive y en la que se disfruta. Un lugar inolvidable. Mi objetivo siempre ha sido que Chiclana pueda disfrutar de Campano y creo que algo hemos conseguido\u201d.<\/p>\n<p data-prosemirror-content-type=\"node\" data-prosemirror-node-name=\"paragraph\" data-prosemirror-node-block=\"true\">\n<\/div>\n<\/div>\n<div class=\"et_pb_module et_pb_testimonial et_pb_testimonial_0 clearfix  et_pb_text_align_left et_pb_bg_layout_light et_pb_testimonial_no_image\">\n<div class=\"et_pb_testimonial_description\">\n<div class=\"et_pb_testimonial_description_inner\">\n<div class=\"et_pb_testimonial_content\">\n<p data-prosemirror-content-type=\"node\" data-prosemirror-node-name=\"paragraph\" data-prosemirror-node-block=\"true\">Juan Jos\u00e9 Jimenez Zarco naci\u00f3 el 6 de mayo de 1960 en la ciudad de C\u00e1diz. Desde peque\u00f1o estuvo ligado a la familia Salesiana, ya que sus cursos b\u00e1sicos empezaron ah\u00ed, llegando a formar parte de la Congregaci\u00f3n Salesiana como Salesiano del a\u00f1o 1977 a 1983, a\u00f1os en los que estuvo viviendo en diferentes Casas Salesianas como las ciudades de Utrera, Sanl\u00facar la Mayor, M\u00e9rida y Triana.<\/p>\n<p data-prosemirror-content-type=\"node\" data-prosemirror-node-name=\"paragraph\" data-prosemirror-node-block=\"true\">A partir 1983 dej\u00f3 de formar parte de la congregaci\u00f3n para pasar a formar una familia con su mujer Carmen y tener dos hijos. Laboralmente se pas\u00f3 al mundo empresarial como director de empresa desde 1983 a 2001. Desde 2002 hasta el pr\u00f3ximo 6 de mayo de 2025 formar parte de la familia Salesiana, como Director Titular y Director de Centro de diferentes Casas.<\/p>\n<p data-prosemirror-content-type=\"node\" data-prosemirror-node-name=\"paragraph\" data-prosemirror-node-block=\"true\">Ha gestionado varias casas como el Colegio Oratorio Festivo de Jerez de la Frontera de 2002 a 2018, la Casa de San Jos\u00e9 Del Valle durante el 2007 y la Casa de Campano de 2011 a la actualidad.<\/p>\n<p data-prosemirror-content-type=\"node\" data-prosemirror-node-name=\"paragraph\" data-prosemirror-node-block=\"true\">En los a\u00f1os del Oratorio tambi\u00e9n dirigi\u00f3 simult\u00e1neamente la casa del Valle durante un tiempo y luego tambi\u00e9n Campano, finalmente ha estado en exclusividad desde 2018. En la Casa de Campano, destacar su m\u00e1xima implicaci\u00f3n y mejora de la Escuela Hogar, recuperaci\u00f3n de la Casa en su totalidad, mejora de la instalaciones de la Casa y la gran relaci\u00f3n de Juan Jos\u00e9 con las instituciones. El que el alumnado de la Casa de Campano la quiera como su Casa ha sido siempre su m\u00e1xima preocupaci\u00f3n.<\/p>\n<\/div>\n<\/div>\n<\/div>\n<\/div>\n<p>[\/et_pb_text][\/et_pb_column][\/et_pb_row][\/et_pb_section]<\/p>\n<!-- AddThis Advanced Settings generic via filter on the_content --><!-- AddThis Share Buttons generic via filter on the_content -->","protected":false},"excerpt":{"rendered":"<p>El director titular se jubila dejando una huella imborrable en la vida de las personas que han pasado por el centro.<!-- AddThis Advanced Settings generic via filter on get_the_excerpt --><!-- AddThis Share Buttons generic via filter on get_the_excerpt --><\/p>\n","protected":false},"author":2,"featured_media":7860,"comment_status":"open","ping_status":"open","sticky":false,"template":"","format":"standard","meta":{"_et_pb_use_builder":"on","_et_pb_old_content":"","_et_gb_content_width":"","footnotes":""},"categories":[1],"tags":[],"class_list":["post-7859","post","type-post","status-publish","format-standard","has-post-thumbnail","hentry","category-uncategorized"],"yoast_head":"<!-- This site is optimized with the Yoast SEO plugin v28.3 - https:\/\/yoast.com\/product\/yoast-seo-wordpress\/ -->\n<title>El alcalde de Chiclana rinde homenaje a Juan Jos\u00e9 Jim\u00e9nez Zarco por su labor al frente de Salesianos Campano - Colegio<\/title>\n<meta name=\"robots\" content=\"index, follow, max-snippet:-1, max-image-preview:large, max-video-preview:-1\" \/>\n<link rel=\"canonical\" href=\"https:\/\/campano.salesianos.edu\/colegio\/el-alcalde-de-chiclana-rinde-homenaje-a-juan-jose-jimenez-zarco-por-su-labor-al-frente-de-salesianos-campano-2\/\" \/>\n<meta property=\"og:locale\" content=\"es_ES\" \/>\n<meta property=\"og:type\" content=\"article\" \/>\n<meta property=\"og:title\" content=\"El alcalde de Chiclana rinde homenaje a Juan Jos\u00e9 Jim\u00e9nez Zarco por su labor al frente de Salesianos Campano - Colegio\" \/>\n<meta property=\"og:description\" content=\"El director titular se jubila dejando una huella imborrable en la vida de las personas que han pasado por el centro.\" \/>\n<meta property=\"og:url\" content=\"https:\/\/campano.salesianos.edu\/colegio\/el-alcalde-de-chiclana-rinde-homenaje-a-juan-jose-jimenez-zarco-por-su-labor-al-frente-de-salesianos-campano-2\/\" \/>\n<meta property=\"og:site_name\" content=\"Colegio\" \/>\n<meta property=\"article:published_time\" content=\"2025-04-28T09:15:07+00:00\" \/>\n<meta property=\"article:modified_time\" content=\"2025-04-28T09:15:12+00:00\" \/>\n<meta property=\"og:image\" content=\"http:\/\/campano.salesianos.edu\/colegio\/wp-content\/uploads\/sites\/2\/2025\/04\/Jubilacion-Director-Campano.png\" \/>\n\t<meta property=\"og:image:width\" content=\"1193\" \/>\n\t<meta property=\"og:image:height\" content=\"756\" \/>\n\t<meta property=\"og:image:type\" content=\"image\/png\" \/>\n<meta name=\"author\" content=\"Soporte Web\" \/>\n<meta name=\"twitter:card\" content=\"summary_large_image\" \/>\n<meta name=\"twitter:label1\" content=\"Escrito por\" \/>\n\t<meta name=\"twitter:data1\" content=\"Soporte Web\" \/>\n\t<meta name=\"twitter:label2\" content=\"Tiempo de lectura\" \/>\n\t<meta name=\"twitter:data2\" content=\"3 minutos\" \/>\n<script type=\"application\/ld+json\" class=\"yoast-schema-graph\">{\"@context\":\"https:\\\/\\\/schema.org\",\"@graph\":[{\"@type\":\"Article\",\"@id\":\"https:\\\/\\\/campano.salesianos.edu\\\/colegio\\\/el-alcalde-de-chiclana-rinde-homenaje-a-juan-jose-jimenez-zarco-por-su-labor-al-frente-de-salesianos-campano-2\\\/#article\",\"isPartOf\":{\"@id\":\"https:\\\/\\\/campano.salesianos.edu\\\/colegio\\\/el-alcalde-de-chiclana-rinde-homenaje-a-juan-jose-jimenez-zarco-por-su-labor-al-frente-de-salesianos-campano-2\\\/\"},\"author\":{\"name\":\"Soporte Web\",\"@id\":\"https:\\\/\\\/campano.salesianos.edu\\\/colegio\\\/#\\\/schema\\\/person\\\/37ab5bf51cb11d154604226c8b208735\"},\"headline\":\"El alcalde de Chiclana rinde homenaje a Juan Jos\u00e9 Jim\u00e9nez Zarco por su labor al frente de Salesianos Campano\",\"datePublished\":\"2025-04-28T09:15:07+00:00\",\"dateModified\":\"2025-04-28T09:15:12+00:00\",\"mainEntityOfPage\":{\"@id\":\"https:\\\/\\\/campano.salesianos.edu\\\/colegio\\\/el-alcalde-de-chiclana-rinde-homenaje-a-juan-jose-jimenez-zarco-por-su-labor-al-frente-de-salesianos-campano-2\\\/\"},\"wordCount\":718,\"commentCount\":0,\"image\":{\"@id\":\"https:\\\/\\\/campano.salesianos.edu\\\/colegio\\\/el-alcalde-de-chiclana-rinde-homenaje-a-juan-jose-jimenez-zarco-por-su-labor-al-frente-de-salesianos-campano-2\\\/#primaryimage\"},\"thumbnailUrl\":\"https:\\\/\\\/campano.salesianos.edu\\\/colegio\\\/wp-content\\\/uploads\\\/sites\\\/2\\\/2025\\\/04\\\/Jubilacion-Director-Campano.png\",\"articleSection\":[\"Uncategorized\"],\"inLanguage\":\"es\",\"potentialAction\":[{\"@type\":\"CommentAction\",\"name\":\"Comment\",\"target\":[\"https:\\\/\\\/campano.salesianos.edu\\\/colegio\\\/el-alcalde-de-chiclana-rinde-homenaje-a-juan-jose-jimenez-zarco-por-su-labor-al-frente-de-salesianos-campano-2\\\/#respond\"]}]},{\"@type\":\"WebPage\",\"@id\":\"https:\\\/\\\/campano.salesianos.edu\\\/colegio\\\/el-alcalde-de-chiclana-rinde-homenaje-a-juan-jose-jimenez-zarco-por-su-labor-al-frente-de-salesianos-campano-2\\\/\",\"url\":\"https:\\\/\\\/campano.salesianos.edu\\\/colegio\\\/el-alcalde-de-chiclana-rinde-homenaje-a-juan-jose-jimenez-zarco-por-su-labor-al-frente-de-salesianos-campano-2\\\/\",\"name\":\"El alcalde de Chiclana rinde homenaje a Juan Jos\u00e9 Jim\u00e9nez Zarco por su labor al frente de Salesianos Campano - Colegio\",\"isPartOf\":{\"@id\":\"https:\\\/\\\/campano.salesianos.edu\\\/colegio\\\/#website\"},\"primaryImageOfPage\":{\"@id\":\"https:\\\/\\\/campano.salesianos.edu\\\/colegio\\\/el-alcalde-de-chiclana-rinde-homenaje-a-juan-jose-jimenez-zarco-por-su-labor-al-frente-de-salesianos-campano-2\\\/#primaryimage\"},\"image\":{\"@id\":\"https:\\\/\\\/campano.salesianos.edu\\\/colegio\\\/el-alcalde-de-chiclana-rinde-homenaje-a-juan-jose-jimenez-zarco-por-su-labor-al-frente-de-salesianos-campano-2\\\/#primaryimage\"},\"thumbnailUrl\":\"https:\\\/\\\/campano.salesianos.edu\\\/colegio\\\/wp-content\\\/uploads\\\/sites\\\/2\\\/2025\\\/04\\\/Jubilacion-Director-Campano.png\",\"datePublished\":\"2025-04-28T09:15:07+00:00\",\"dateModified\":\"2025-04-28T09:15:12+00:00\",\"author\":{\"@id\":\"https:\\\/\\\/campano.salesianos.edu\\\/colegio\\\/#\\\/schema\\\/person\\\/37ab5bf51cb11d154604226c8b208735\"},\"breadcrumb\":{\"@id\":\"https:\\\/\\\/campano.salesianos.edu\\\/colegio\\\/el-alcalde-de-chiclana-rinde-homenaje-a-juan-jose-jimenez-zarco-por-su-labor-al-frente-de-salesianos-campano-2\\\/#breadcrumb\"},\"inLanguage\":\"es\",\"potentialAction\":[{\"@type\":\"ReadAction\",\"target\":[\"https:\\\/\\\/campano.salesianos.edu\\\/colegio\\\/el-alcalde-de-chiclana-rinde-homenaje-a-juan-jose-jimenez-zarco-por-su-labor-al-frente-de-salesianos-campano-2\\\/\"]}]},{\"@type\":\"ImageObject\",\"inLanguage\":\"es\",\"@id\":\"https:\\\/\\\/campano.salesianos.edu\\\/colegio\\\/el-alcalde-de-chiclana-rinde-homenaje-a-juan-jose-jimenez-zarco-por-su-labor-al-frente-de-salesianos-campano-2\\\/#primaryimage\",\"url\":\"https:\\\/\\\/campano.salesianos.edu\\\/colegio\\\/wp-content\\\/uploads\\\/sites\\\/2\\\/2025\\\/04\\\/Jubilacion-Director-Campano.png\",\"contentUrl\":\"https:\\\/\\\/campano.salesianos.edu\\\/colegio\\\/wp-content\\\/uploads\\\/sites\\\/2\\\/2025\\\/04\\\/Jubilacion-Director-Campano.png\",\"width\":1193,\"height\":756},{\"@type\":\"BreadcrumbList\",\"@id\":\"https:\\\/\\\/campano.salesianos.edu\\\/colegio\\\/el-alcalde-de-chiclana-rinde-homenaje-a-juan-jose-jimenez-zarco-por-su-labor-al-frente-de-salesianos-campano-2\\\/#breadcrumb\",\"itemListElement\":[{\"@type\":\"ListItem\",\"position\":1,\"name\":\"Portada\",\"item\":\"https:\\\/\\\/campano.salesianos.edu\\\/colegio\\\/\"},{\"@type\":\"ListItem\",\"position\":2,\"name\":\"El alcalde de Chiclana rinde homenaje a Juan Jos\u00e9 Jim\u00e9nez Zarco por su labor al frente de Salesianos Campano\"}]},{\"@type\":\"WebSite\",\"@id\":\"https:\\\/\\\/campano.salesianos.edu\\\/colegio\\\/#website\",\"url\":\"https:\\\/\\\/campano.salesianos.edu\\\/colegio\\\/\",\"name\":\"Colegio\",\"description\":\"P\u00e1gina oficial Salesianos Campano\",\"potentialAction\":[{\"@type\":\"SearchAction\",\"target\":{\"@type\":\"EntryPoint\",\"urlTemplate\":\"https:\\\/\\\/campano.salesianos.edu\\\/colegio\\\/?s={search_term_string}\"},\"query-input\":{\"@type\":\"PropertyValueSpecification\",\"valueRequired\":true,\"valueName\":\"search_term_string\"}}],\"inLanguage\":\"es\"},{\"@type\":\"Person\",\"@id\":\"https:\\\/\\\/campano.salesianos.edu\\\/colegio\\\/#\\\/schema\\\/person\\\/37ab5bf51cb11d154604226c8b208735\",\"name\":\"Soporte Web\",\"image\":{\"@type\":\"ImageObject\",\"inLanguage\":\"es\",\"@id\":\"https:\\\/\\\/secure.gravatar.com\\\/avatar\\\/35105146a07f803f4ea593230da71e3c4d1505d6348756fc5075468648a69a72?s=96&d=mm&r=g\",\"url\":\"https:\\\/\\\/secure.gravatar.com\\\/avatar\\\/35105146a07f803f4ea593230da71e3c4d1505d6348756fc5075468648a69a72?s=96&d=mm&r=g\",\"contentUrl\":\"https:\\\/\\\/secure.gravatar.com\\\/avatar\\\/35105146a07f803f4ea593230da71e3c4d1505d6348756fc5075468648a69a72?s=96&d=mm&r=g\",\"caption\":\"Soporte Web\"}}]}<\/script>\n<!-- \/ Yoast SEO plugin. -->","yoast_head_json":{"title":"El alcalde de Chiclana rinde homenaje a Juan Jos\u00e9 Jim\u00e9nez Zarco por su labor al frente de Salesianos Campano - Colegio","robots":{"index":"index","follow":"follow","max-snippet":"max-snippet:-1","max-image-preview":"max-image-preview:large","max-video-preview":"max-video-preview:-1"},"canonical":"https:\/\/campano.salesianos.edu\/colegio\/el-alcalde-de-chiclana-rinde-homenaje-a-juan-jose-jimenez-zarco-por-su-labor-al-frente-de-salesianos-campano-2\/","og_locale":"es_ES","og_type":"article","og_title":"El alcalde de Chiclana rinde homenaje a Juan Jos\u00e9 Jim\u00e9nez Zarco por su labor al frente de Salesianos Campano - Colegio","og_description":"El director titular se jubila dejando una huella imborrable en la vida de las personas que han pasado por el centro.","og_url":"https:\/\/campano.salesianos.edu\/colegio\/el-alcalde-de-chiclana-rinde-homenaje-a-juan-jose-jimenez-zarco-por-su-labor-al-frente-de-salesianos-campano-2\/","og_site_name":"Colegio","article_published_time":"2025-04-28T09:15:07+00:00","article_modified_time":"2025-04-28T09:15:12+00:00","og_image":[{"width":1193,"height":756,"url":"http:\/\/campano.salesianos.edu\/colegio\/wp-content\/uploads\/sites\/2\/2025\/04\/Jubilacion-Director-Campano.png","type":"image\/png"}],"author":"Soporte Web","twitter_card":"summary_large_image","twitter_misc":{"Escrito por":"Soporte Web","Tiempo de lectura":"3 minutos"},"schema":{"@context":"https:\/\/schema.org","@graph":[{"@type":"Article","@id":"https:\/\/campano.salesianos.edu\/colegio\/el-alcalde-de-chiclana-rinde-homenaje-a-juan-jose-jimenez-zarco-por-su-labor-al-frente-de-salesianos-campano-2\/#article","isPartOf":{"@id":"https:\/\/campano.salesianos.edu\/colegio\/el-alcalde-de-chiclana-rinde-homenaje-a-juan-jose-jimenez-zarco-por-su-labor-al-frente-de-salesianos-campano-2\/"},"author":{"name":"Soporte Web","@id":"https:\/\/campano.salesianos.edu\/colegio\/#\/schema\/person\/37ab5bf51cb11d154604226c8b208735"},"headline":"El alcalde de Chiclana rinde homenaje a Juan Jos\u00e9 Jim\u00e9nez Zarco por su labor al frente de Salesianos Campano","datePublished":"2025-04-28T09:15:07+00:00","dateModified":"2025-04-28T09:15:12+00:00","mainEntityOfPage":{"@id":"https:\/\/campano.salesianos.edu\/colegio\/el-alcalde-de-chiclana-rinde-homenaje-a-juan-jose-jimenez-zarco-por-su-labor-al-frente-de-salesianos-campano-2\/"},"wordCount":718,"commentCount":0,"image":{"@id":"https:\/\/campano.salesianos.edu\/colegio\/el-alcalde-de-chiclana-rinde-homenaje-a-juan-jose-jimenez-zarco-por-su-labor-al-frente-de-salesianos-campano-2\/#primaryimage"},"thumbnailUrl":"https:\/\/campano.salesianos.edu\/colegio\/wp-content\/uploads\/sites\/2\/2025\/04\/Jubilacion-Director-Campano.png","articleSection":["Uncategorized"],"inLanguage":"es","potentialAction":[{"@type":"CommentAction","name":"Comment","target":["https:\/\/campano.salesianos.edu\/colegio\/el-alcalde-de-chiclana-rinde-homenaje-a-juan-jose-jimenez-zarco-por-su-labor-al-frente-de-salesianos-campano-2\/#respond"]}]},{"@type":"WebPage","@id":"https:\/\/campano.salesianos.edu\/colegio\/el-alcalde-de-chiclana-rinde-homenaje-a-juan-jose-jimenez-zarco-por-su-labor-al-frente-de-salesianos-campano-2\/","url":"https:\/\/campano.salesianos.edu\/colegio\/el-alcalde-de-chiclana-rinde-homenaje-a-juan-jose-jimenez-zarco-por-su-labor-al-frente-de-salesianos-campano-2\/","name":"El alcalde de Chiclana rinde homenaje a Juan Jos\u00e9 Jim\u00e9nez Zarco por su labor al frente de Salesianos Campano - Colegio","isPartOf":{"@id":"https:\/\/campano.salesianos.edu\/colegio\/#website"},"primaryImageOfPage":{"@id":"https:\/\/campano.salesianos.edu\/colegio\/el-alcalde-de-chiclana-rinde-homenaje-a-juan-jose-jimenez-zarco-por-su-labor-al-frente-de-salesianos-campano-2\/#primaryimage"},"image":{"@id":"https:\/\/campano.salesianos.edu\/colegio\/el-alcalde-de-chiclana-rinde-homenaje-a-juan-jose-jimenez-zarco-por-su-labor-al-frente-de-salesianos-campano-2\/#primaryimage"},"thumbnailUrl":"https:\/\/campano.salesianos.edu\/colegio\/wp-content\/uploads\/sites\/2\/2025\/04\/Jubilacion-Director-Campano.png","datePublished":"2025-04-28T09:15:07+00:00","dateModified":"2025-04-28T09:15:12+00:00","author":{"@id":"https:\/\/campano.salesianos.edu\/colegio\/#\/schema\/person\/37ab5bf51cb11d154604226c8b208735"},"breadcrumb":{"@id":"https:\/\/campano.salesianos.edu\/colegio\/el-alcalde-de-chiclana-rinde-homenaje-a-juan-jose-jimenez-zarco-por-su-labor-al-frente-de-salesianos-campano-2\/#breadcrumb"},"inLanguage":"es","potentialAction":[{"@type":"ReadAction","target":["https:\/\/campano.salesianos.edu\/colegio\/el-alcalde-de-chiclana-rinde-homenaje-a-juan-jose-jimenez-zarco-por-su-labor-al-frente-de-salesianos-campano-2\/"]}]},{"@type":"ImageObject","inLanguage":"es","@id":"https:\/\/campano.salesianos.edu\/colegio\/el-alcalde-de-chiclana-rinde-homenaje-a-juan-jose-jimenez-zarco-por-su-labor-al-frente-de-salesianos-campano-2\/#primaryimage","url":"https:\/\/campano.salesianos.edu\/colegio\/wp-content\/uploads\/sites\/2\/2025\/04\/Jubilacion-Director-Campano.png","contentUrl":"https:\/\/campano.salesianos.edu\/colegio\/wp-content\/uploads\/sites\/2\/2025\/04\/Jubilacion-Director-Campano.png","width":1193,"height":756},{"@type":"BreadcrumbList","@id":"https:\/\/campano.salesianos.edu\/colegio\/el-alcalde-de-chiclana-rinde-homenaje-a-juan-jose-jimenez-zarco-por-su-labor-al-frente-de-salesianos-campano-2\/#breadcrumb","itemListElement":[{"@type":"ListItem","position":1,"name":"Portada","item":"https:\/\/campano.salesianos.edu\/colegio\/"},{"@type":"ListItem","position":2,"name":"El alcalde de Chiclana rinde homenaje a Juan Jos\u00e9 Jim\u00e9nez Zarco por su labor al frente de Salesianos Campano"}]},{"@type":"WebSite","@id":"https:\/\/campano.salesianos.edu\/colegio\/#website","url":"https:\/\/campano.salesianos.edu\/colegio\/","name":"Colegio","description":"P\u00e1gina oficial Salesianos Campano","potentialAction":[{"@type":"SearchAction","target":{"@type":"EntryPoint","urlTemplate":"https:\/\/campano.salesianos.edu\/colegio\/?s={search_term_string}"},"query-input":{"@type":"PropertyValueSpecification","valueRequired":true,"valueName":"search_term_string"}}],"inLanguage":"es"},{"@type":"Person","@id":"https:\/\/campano.salesianos.edu\/colegio\/#\/schema\/person\/37ab5bf51cb11d154604226c8b208735","name":"Soporte Web","image":{"@type":"ImageObject","inLanguage":"es","@id":"https:\/\/secure.gravatar.com\/avatar\/35105146a07f803f4ea593230da71e3c4d1505d6348756fc5075468648a69a72?s=96&d=mm&r=g","url":"https:\/\/secure.gravatar.com\/avatar\/35105146a07f803f4ea593230da71e3c4d1505d6348756fc5075468648a69a72?s=96&d=mm&r=g","contentUrl":"https:\/\/secure.gravatar.com\/avatar\/35105146a07f803f4ea593230da71e3c4d1505d6348756fc5075468648a69a72?s=96&d=mm&r=g","caption":"Soporte Web"}}]}},"_links":{"self":[{"href":"https:\/\/campano.salesianos.edu\/colegio\/wp-json\/wp\/v2\/posts\/7859","targetHints":{"allow":["GET"]}}],"collection":[{"href":"https:\/\/campano.salesianos.edu\/colegio\/wp-json\/wp\/v2\/posts"}],"about":[{"href":"https:\/\/campano.salesianos.edu\/colegio\/wp-json\/wp\/v2\/types\/post"}],"author":[{"embeddable":true,"href":"https:\/\/campano.salesianos.edu\/colegio\/wp-json\/wp\/v2\/users\/2"}],"replies":[{"embeddable":true,"href":"https:\/\/campano.salesianos.edu\/colegio\/wp-json\/wp\/v2\/comments?post=7859"}],"version-history":[{"count":2,"href":"https:\/\/campano.salesianos.edu\/colegio\/wp-json\/wp\/v2\/posts\/7859\/revisions"}],"predecessor-version":[{"id":7865,"href":"https:\/\/campano.salesianos.edu\/colegio\/wp-json\/wp\/v2\/posts\/7859\/revisions\/7865"}],"wp:featuredmedia":[{"embeddable":true,"href":"https:\/\/campano.salesianos.edu\/colegio\/wp-json\/wp\/v2\/media\/7860"}],"wp:attachment":[{"href":"https:\/\/campano.salesianos.edu\/colegio\/wp-json\/wp\/v2\/media?parent=7859"}],"wp:term":[{"taxonomy":"category","embeddable":true,"href":"https:\/\/campano.salesianos.edu\/colegio\/wp-json\/wp\/v2\/categories?post=7859"},{"taxonomy":"post_tag","embeddable":true,"href":"https:\/\/campano.salesianos.edu\/colegio\/wp-json\/wp\/v2\/tags?post=7859"}],"curies":[{"name":"wp","href":"https:\/\/api.w.org\/{rel}","templated":true}]}}