{"id":7846,"date":"2025-04-28T10:08:18","date_gmt":"2025-04-28T08:08:18","guid":{"rendered":"https:\/\/campano.salesianos.edu\/colegio\/?p=7846"},"modified":"2025-04-28T10:46:37","modified_gmt":"2025-04-28T08:46:37","slug":"la-fiesta-de-la-comunidad-inspectorial-2025-celebra-la-riqueza-del-carisma-salesiano","status":"publish","type":"post","link":"https:\/\/campano.salesianos.edu\/colegio\/la-fiesta-de-la-comunidad-inspectorial-2025-celebra-la-riqueza-del-carisma-salesiano\/","title":{"rendered":"La Fiesta de la Comunidad Inspectorial 2025 celebra la riqueza del carisma salesiano"},"content":{"rendered":"<div id=\"fb-root\"><\/div>\n<p>[et_pb_section fb_built=\u00bb1&#8243; _builder_version=\u00bb4.27.4&#8243; _module_preset=\u00bbdefault\u00bb da_disable_devices=\u00bboff|off|off\u00bb global_colors_info=\u00bb{}\u00bb da_is_popup=\u00bboff\u00bb da_exit_intent=\u00bboff\u00bb da_has_close=\u00bbon\u00bb da_alt_close=\u00bboff\u00bb da_dark_close=\u00bboff\u00bb da_not_modal=\u00bbon\u00bb da_is_singular=\u00bboff\u00bb da_with_loader=\u00bboff\u00bb da_has_shadow=\u00bbon\u00bb][et_pb_row _builder_version=\u00bb4.27.4&#8243; _module_preset=\u00bbdefault\u00bb global_colors_info=\u00bb{}\u00bb][et_pb_column type=\u00bb4_4&#8243; _builder_version=\u00bb4.27.4&#8243; _module_preset=\u00bbdefault\u00bb global_colors_info=\u00bb{}\u00bb][et_pb_text _builder_version=\u00bb4.27.4&#8243; _module_preset=\u00bbdefault\u00bb global_colors_info=\u00bb{}\u00bb]<\/p>\n<p data-prosemirror-content-type=\"node\" data-prosemirror-node-name=\"paragraph\" data-prosemirror-node-block=\"true\">Esta und\u00e9cima edici\u00f3n, tras las celebradas en\u00a0<strong data-prosemirror-content-type=\"mark\" data-prosemirror-mark-name=\"strong\">Valencia-San Antonio Abad<\/strong>\u00a0(por partida doble)<strong data-prosemirror-content-type=\"mark\" data-prosemirror-mark-name=\"strong\">, Utrera, Villena, Barcelona-Horta, Sevilla-Trinidad, M\u00e1laga<\/strong>\u00a0(por partida doble) y\u00a0<strong data-prosemirror-content-type=\"mark\" data-prosemirror-mark-name=\"strong\">Barcelona-Mart\u00ed-Codolar<\/strong>, se desarroll\u00f3 en la presencia salesiana de\u00a0<strong>Triana<\/strong>\u00a0para reunir a m\u00e1s de un centenar de asistentes alrededor de la figura del Inspector y celebrar un encuentro de familia entre comunidades.<br \/><br data-prosemirror-content-type=\"node\" data-prosemirror-node-name=\"hardBreak\" data-prosemirror-node-inline=\"true\" \/>En la apertura de\u00a0<strong data-prosemirror-content-type=\"mark\" data-prosemirror-mark-name=\"strong\">Jos\u00e9 Luis Navarro,<\/strong>\u00a0vicario inspectorial, destac\u00f3 que \u2018esta cita sirve para agradecer el amor fraterno y mirar al futuro con esperanza\u2019.\u00a0<em data-prosemirror-content-type=\"mark\" data-prosemirror-mark-name=\"em\"><strong data-prosemirror-content-type=\"mark\" data-prosemirror-mark-name=\"strong\">\u00ab<\/strong><\/em>La comunidad inspectorial, reunida en torno a su Inspector, celebre todos los a\u00f1os el d\u00eda de la comunidad, como signo de comuni\u00f3n fraterna y expresi\u00f3n de gratitud\u201d. Aqu\u00ed emerge en sentido de este d\u00eda: una fiesta para manifestar la comuni\u00f3n y el amor fraterno que vivimos en nuestra inspector\u00eda; y expresi\u00f3n de gratitud que hoy especialmente se personaliza en tantos hermanos que cumplen efem\u00e9rides<em data-prosemirror-content-type=\"mark\" data-prosemirror-mark-name=\"em\"><strong data-prosemirror-content-type=\"mark\" data-prosemirror-mark-name=\"strong\">\u00bb,<\/strong><\/em>\u00a0explicaba sobre el sentido de este encuentro anual.<\/p>\n<p>Posteriormente llegaron las palabras de\u00a0<strong data-prosemirror-content-type=\"mark\" data-prosemirror-mark-name=\"strong\">Francisco Jos\u00e9 P\u00e9rez Camacho,<\/strong>\u00a0director de la casa salesiana anfitriona, que daba la bienvenida a los asistentes.\u00a0<em data-prosemirror-content-type=\"mark\" data-prosemirror-mark-name=\"em\"><strong data-prosemirror-content-type=\"mark\" data-prosemirror-mark-name=\"strong\">\u00abEste d\u00eda nos inspira a seguir adelante con pasi\u00f3n y compromiso\u00bb<\/strong><\/em>, compart\u00eda.<br data-prosemirror-content-type=\"node\" data-prosemirror-node-name=\"hardBreak\" data-prosemirror-node-inline=\"true\" \/><br data-prosemirror-content-type=\"node\" data-prosemirror-node-name=\"hardBreak\" data-prosemirror-node-inline=\"true\" \/>Muchos de los participantes acud\u00edan a este encuentro tras compartir durante los d\u00edas previos la reuni\u00f3n de directores en las\u00a0<strong>Salesianas de Sanl\u00facar la Mayor,<\/strong>\u00a0por lo que la fiesta se vivi\u00f3 como la guinda a unos d\u00edas de familia que culminaron con este homenaje a diecisiete salesianos que cumplen 25, 50 y 75 a\u00f1os de ordenaci\u00f3n sacerdotal o profesi\u00f3n religiosa y a la casa de\u00a0<strong data-prosemirror-content-type=\"mark\" data-prosemirror-mark-name=\"strong\">Sant Adri\u00e0 de Bes\u00f2s<\/strong>\u00a0que celebraba su 50 aniversario.<\/p>\n<p data-prosemirror-content-type=\"node\" data-prosemirror-node-name=\"paragraph\" data-prosemirror-node-block=\"true\">Los asistentes pudieron visionar diferentes piezas audiovisuales que situaron el evento en el contexto de las diferentes efem\u00e9rides y llevaron a los asistentes a un recorrido por los a\u00f1os 2000, 1975 y 1950. Posteriormente, los homenajeados tuvieron ocasi\u00f3n de recoger el aplauso y el reconocimiento de la comunidad inspectorial. \u201c<\/p>\n<blockquote>\n<p data-prosemirror-content-type=\"node\" data-prosemirror-node-name=\"paragraph\" data-prosemirror-node-block=\"true\">\u00abDamos gracias al Se\u00f1or, por vuestras vidas, vuestra vocaci\u00f3n, por los a\u00f1os de fidelidad a la misi\u00f3n salesiana. En cada uno de vosotros se puede ver reflejada la respuesta generosa a la llamada del Se\u00f1or que se traduce en un s\u00ed permanente que llega hasta hoy. Queremos, como comunidad inspectorial, dar gracias a Dios por vuestra fidelidad al camino iniciado por Don Bosco, y alargado en los a\u00f1os por vuestra vida como salesianos y sacerdotes apasionados por Cristo, dedicados a los j\u00f3venes. Que el Se\u00f1or, que es quien hizo en vosotros la buena obra, la lleve a feliz t\u00e9rmino. Y que nuestra Madre Auxiliador siga acompa\u00f1\u00e1ndoos como madre y maestra en el camino. Gracias por vuestra vocaci\u00f3n.\u00bb, explicaban.<\/p>\n<\/blockquote>\n<p>[\/et_pb_text][\/et_pb_column][\/et_pb_row][et_pb_row column_structure=\u00bb1_4,1_4,1_4,1_4&#8243; _builder_version=\u00bb4.27.4&#8243; _module_preset=\u00bbdefault\u00bb global_colors_info=\u00bb{}\u00bb][et_pb_column type=\u00bb1_4&#8243; _builder_version=\u00bb4.27.4&#8243; _module_preset=\u00bbdefault\u00bb global_colors_info=\u00bb{}\u00bb][et_pb_video src=\u00bbhttps:\/\/youtu.be\/7akjDjPUpMc\u00bb _builder_version=\u00bb4.27.4&#8243; _module_preset=\u00bbdefault\u00bb global_colors_info=\u00bb{}\u00bb][\/et_pb_video][et_pb_button button_url=\u00bbhttps:\/\/youtu.be\/7akjDjPUpMc\u00bb button_text=\u00bbFiesta\u00bb _builder_version=\u00bb4.27.4&#8243; _module_preset=\u00bbdefault\u00bb global_colors_info=\u00bb{}\u00bb][\/et_pb_button][\/et_pb_column][et_pb_column type=\u00bb1_4&#8243; _builder_version=\u00bb4.27.4&#8243; _module_preset=\u00bbdefault\u00bb global_colors_info=\u00bb{}\u00bb][et_pb_video src=\u00bbhttps:\/\/youtu.be\/TSW8VkDPgxk\u00bb _builder_version=\u00bb4.27.4&#8243; _module_preset=\u00bbdefault\u00bb global_colors_info=\u00bb{}\u00bb][\/et_pb_video][et_pb_button button_url=\u00bbhttps:\/\/youtu.be\/7akjDjPUpMc\u00bb button_text=\u00bbFiesta\u00bb _builder_version=\u00bb4.27.4&#8243; _module_preset=\u00bbdefault\u00bb global_colors_info=\u00bb{}\u00bb][\/et_pb_button][\/et_pb_column][et_pb_column type=\u00bb1_4&#8243; _builder_version=\u00bb4.27.4&#8243; _module_preset=\u00bbdefault\u00bb global_colors_info=\u00bb{}\u00bb][et_pb_video src=\u00bbhttps:\/\/youtu.be\/M_2DCCTcKWo\u00bb _builder_version=\u00bb4.27.4&#8243; _module_preset=\u00bbdefault\u00bb global_colors_info=\u00bb{}\u00bb][\/et_pb_video][et_pb_button button_url=\u00bbhttps:\/\/youtu.be\/7akjDjPUpMc\u00bb button_text=\u00bbFiesta\u00bb _builder_version=\u00bb4.27.4&#8243; _module_preset=\u00bbdefault\u00bb global_colors_info=\u00bb{}\u00bb][\/et_pb_button][\/et_pb_column][et_pb_column type=\u00bb1_4&#8243; _builder_version=\u00bb4.27.4&#8243; _module_preset=\u00bbdefault\u00bb global_colors_info=\u00bb{}\u00bb][et_pb_video src=\u00bbhttps:\/\/youtu.be\/A1BtQBo55H4&#8243; _builder_version=\u00bb4.27.4&#8243; _module_preset=\u00bbdefault\u00bb global_colors_info=\u00bb{}\u00bb][\/et_pb_video][et_pb_button button_url=\u00bbhttps:\/\/youtu.be\/7akjDjPUpMc\u00bb button_text=\u00bbFiesta\u00bb _builder_version=\u00bb4.27.4&#8243; _module_preset=\u00bbdefault\u00bb global_colors_info=\u00bb{}\u00bb][\/et_pb_button][\/et_pb_column][\/et_pb_row][et_pb_row _builder_version=\u00bb4.27.4&#8243; _module_preset=\u00bbdefault\u00bb global_colors_info=\u00bb{}\u00bb][et_pb_column type=\u00bb4_4&#8243; _builder_version=\u00bb4.27.4&#8243; _module_preset=\u00bbdefault\u00bb global_colors_info=\u00bb{}\u00bb][et_pb_gallery gallery_ids=\u00bb7850,7851,7852,7853&#8243; _builder_version=\u00bb4.27.4&#8243; _module_preset=\u00bbdefault\u00bb global_colors_info=\u00bb{}\u00bb][\/et_pb_gallery][\/et_pb_column][\/et_pb_row][\/et_pb_section]<\/p>\n<!-- AddThis Advanced Settings generic via filter on the_content --><!-- AddThis Share Buttons generic via filter on the_content -->","protected":false},"excerpt":{"rendered":"<p>Durante la ma\u00f1ana del 26 de abril tuvo lugar en Triana la celebraci\u00f3n de la Fiesta de la Comunidad Inspectorial de Salesianos Mar\u00eda Auxiliadora, una de las fechas m\u00e1s significativas del calendario ya que sirve para homenajear a los hermanos y casas que celebran aniversarios.<!-- AddThis Advanced Settings generic via filter on get_the_excerpt --><!-- AddThis Share Buttons generic via filter on get_the_excerpt --><\/p>\n","protected":false},"author":2,"featured_media":7847,"comment_status":"open","ping_status":"open","sticky":false,"template":"","format":"standard","meta":{"_et_pb_use_builder":"on","_et_pb_old_content":"","_et_gb_content_width":"","footnotes":""},"categories":[9],"tags":[],"class_list":["post-7846","post","type-post","status-publish","format-standard","has-post-thumbnail","hentry","category-colegio"],"yoast_head":"<!-- This site is optimized with the Yoast SEO plugin v28.3 - https:\/\/yoast.com\/product\/yoast-seo-wordpress\/ -->\n<title>La Fiesta de la Comunidad Inspectorial 2025 celebra la riqueza del carisma salesiano - Colegio<\/title>\n<meta name=\"robots\" content=\"index, follow, max-snippet:-1, max-image-preview:large, max-video-preview:-1\" \/>\n<link rel=\"canonical\" href=\"https:\/\/campano.salesianos.edu\/colegio\/la-fiesta-de-la-comunidad-inspectorial-2025-celebra-la-riqueza-del-carisma-salesiano\/\" \/>\n<meta property=\"og:locale\" content=\"es_ES\" \/>\n<meta property=\"og:type\" content=\"article\" \/>\n<meta property=\"og:title\" content=\"La Fiesta de la Comunidad Inspectorial 2025 celebra la riqueza del carisma salesiano - Colegio\" \/>\n<meta property=\"og:description\" content=\"Durante la ma\u00f1ana del 26 de abril tuvo lugar en Triana la celebraci\u00f3n de la Fiesta de la Comunidad Inspectorial de Salesianos Mar\u00eda Auxiliadora, una de las fechas m\u00e1s significativas del calendario ya que sirve para homenajear a los hermanos y casas que celebran aniversarios.\" \/>\n<meta property=\"og:url\" content=\"https:\/\/campano.salesianos.edu\/colegio\/la-fiesta-de-la-comunidad-inspectorial-2025-celebra-la-riqueza-del-carisma-salesiano\/\" \/>\n<meta property=\"og:site_name\" content=\"Colegio\" \/>\n<meta property=\"article:published_time\" content=\"2025-04-28T08:08:18+00:00\" \/>\n<meta property=\"article:modified_time\" content=\"2025-04-28T08:46:37+00:00\" \/>\n<meta property=\"og:image\" content=\"http:\/\/campano.salesianos.edu\/colegio\/wp-content\/uploads\/sites\/2\/2025\/04\/FOTO_GRUPO-FIESTA-INSPECTORIAL-2025-1-1920x794-1.jpg\" \/>\n\t<meta property=\"og:image:width\" content=\"1920\" \/>\n\t<meta property=\"og:image:height\" content=\"794\" \/>\n\t<meta property=\"og:image:type\" content=\"image\/jpeg\" \/>\n<meta name=\"author\" content=\"Soporte Web\" \/>\n<meta name=\"twitter:card\" content=\"summary_large_image\" \/>\n<meta name=\"twitter:label1\" content=\"Escrito por\" \/>\n\t<meta name=\"twitter:data1\" content=\"Soporte Web\" \/>\n\t<meta name=\"twitter:label2\" content=\"Tiempo de lectura\" \/>\n\t<meta name=\"twitter:data2\" content=\"3 minutos\" \/>\n<script type=\"application\/ld+json\" class=\"yoast-schema-graph\">{\"@context\":\"https:\\\/\\\/schema.org\",\"@graph\":[{\"@type\":\"Article\",\"@id\":\"https:\\\/\\\/campano.salesianos.edu\\\/colegio\\\/la-fiesta-de-la-comunidad-inspectorial-2025-celebra-la-riqueza-del-carisma-salesiano\\\/#article\",\"isPartOf\":{\"@id\":\"https:\\\/\\\/campano.salesianos.edu\\\/colegio\\\/la-fiesta-de-la-comunidad-inspectorial-2025-celebra-la-riqueza-del-carisma-salesiano\\\/\"},\"author\":{\"name\":\"Soporte Web\",\"@id\":\"https:\\\/\\\/campano.salesianos.edu\\\/colegio\\\/#\\\/schema\\\/person\\\/37ab5bf51cb11d154604226c8b208735\"},\"headline\":\"La Fiesta de la Comunidad Inspectorial 2025 celebra la riqueza del carisma salesiano\",\"datePublished\":\"2025-04-28T08:08:18+00:00\",\"dateModified\":\"2025-04-28T08:46:37+00:00\",\"mainEntityOfPage\":{\"@id\":\"https:\\\/\\\/campano.salesianos.edu\\\/colegio\\\/la-fiesta-de-la-comunidad-inspectorial-2025-celebra-la-riqueza-del-carisma-salesiano\\\/\"},\"wordCount\":867,\"commentCount\":0,\"image\":{\"@id\":\"https:\\\/\\\/campano.salesianos.edu\\\/colegio\\\/la-fiesta-de-la-comunidad-inspectorial-2025-celebra-la-riqueza-del-carisma-salesiano\\\/#primaryimage\"},\"thumbnailUrl\":\"https:\\\/\\\/campano.salesianos.edu\\\/colegio\\\/wp-content\\\/uploads\\\/sites\\\/2\\\/2025\\\/04\\\/FOTO_GRUPO-FIESTA-INSPECTORIAL-2025-1-1920x794-1.jpg\",\"articleSection\":[\"Colegio\"],\"inLanguage\":\"es\",\"potentialAction\":[{\"@type\":\"CommentAction\",\"name\":\"Comment\",\"target\":[\"https:\\\/\\\/campano.salesianos.edu\\\/colegio\\\/la-fiesta-de-la-comunidad-inspectorial-2025-celebra-la-riqueza-del-carisma-salesiano\\\/#respond\"]}]},{\"@type\":\"WebPage\",\"@id\":\"https:\\\/\\\/campano.salesianos.edu\\\/colegio\\\/la-fiesta-de-la-comunidad-inspectorial-2025-celebra-la-riqueza-del-carisma-salesiano\\\/\",\"url\":\"https:\\\/\\\/campano.salesianos.edu\\\/colegio\\\/la-fiesta-de-la-comunidad-inspectorial-2025-celebra-la-riqueza-del-carisma-salesiano\\\/\",\"name\":\"La Fiesta de la Comunidad Inspectorial 2025 celebra la riqueza del carisma salesiano - Colegio\",\"isPartOf\":{\"@id\":\"https:\\\/\\\/campano.salesianos.edu\\\/colegio\\\/#website\"},\"primaryImageOfPage\":{\"@id\":\"https:\\\/\\\/campano.salesianos.edu\\\/colegio\\\/la-fiesta-de-la-comunidad-inspectorial-2025-celebra-la-riqueza-del-carisma-salesiano\\\/#primaryimage\"},\"image\":{\"@id\":\"https:\\\/\\\/campano.salesianos.edu\\\/colegio\\\/la-fiesta-de-la-comunidad-inspectorial-2025-celebra-la-riqueza-del-carisma-salesiano\\\/#primaryimage\"},\"thumbnailUrl\":\"https:\\\/\\\/campano.salesianos.edu\\\/colegio\\\/wp-content\\\/uploads\\\/sites\\\/2\\\/2025\\\/04\\\/FOTO_GRUPO-FIESTA-INSPECTORIAL-2025-1-1920x794-1.jpg\",\"datePublished\":\"2025-04-28T08:08:18+00:00\",\"dateModified\":\"2025-04-28T08:46:37+00:00\",\"author\":{\"@id\":\"https:\\\/\\\/campano.salesianos.edu\\\/colegio\\\/#\\\/schema\\\/person\\\/37ab5bf51cb11d154604226c8b208735\"},\"breadcrumb\":{\"@id\":\"https:\\\/\\\/campano.salesianos.edu\\\/colegio\\\/la-fiesta-de-la-comunidad-inspectorial-2025-celebra-la-riqueza-del-carisma-salesiano\\\/#breadcrumb\"},\"inLanguage\":\"es\",\"potentialAction\":[{\"@type\":\"ReadAction\",\"target\":[\"https:\\\/\\\/campano.salesianos.edu\\\/colegio\\\/la-fiesta-de-la-comunidad-inspectorial-2025-celebra-la-riqueza-del-carisma-salesiano\\\/\"]}]},{\"@type\":\"ImageObject\",\"inLanguage\":\"es\",\"@id\":\"https:\\\/\\\/campano.salesianos.edu\\\/colegio\\\/la-fiesta-de-la-comunidad-inspectorial-2025-celebra-la-riqueza-del-carisma-salesiano\\\/#primaryimage\",\"url\":\"https:\\\/\\\/campano.salesianos.edu\\\/colegio\\\/wp-content\\\/uploads\\\/sites\\\/2\\\/2025\\\/04\\\/FOTO_GRUPO-FIESTA-INSPECTORIAL-2025-1-1920x794-1.jpg\",\"contentUrl\":\"https:\\\/\\\/campano.salesianos.edu\\\/colegio\\\/wp-content\\\/uploads\\\/sites\\\/2\\\/2025\\\/04\\\/FOTO_GRUPO-FIESTA-INSPECTORIAL-2025-1-1920x794-1.jpg\",\"width\":1920,\"height\":794},{\"@type\":\"BreadcrumbList\",\"@id\":\"https:\\\/\\\/campano.salesianos.edu\\\/colegio\\\/la-fiesta-de-la-comunidad-inspectorial-2025-celebra-la-riqueza-del-carisma-salesiano\\\/#breadcrumb\",\"itemListElement\":[{\"@type\":\"ListItem\",\"position\":1,\"name\":\"Portada\",\"item\":\"https:\\\/\\\/campano.salesianos.edu\\\/colegio\\\/\"},{\"@type\":\"ListItem\",\"position\":2,\"name\":\"La Fiesta de la Comunidad Inspectorial 2025 celebra la riqueza del carisma salesiano\"}]},{\"@type\":\"WebSite\",\"@id\":\"https:\\\/\\\/campano.salesianos.edu\\\/colegio\\\/#website\",\"url\":\"https:\\\/\\\/campano.salesianos.edu\\\/colegio\\\/\",\"name\":\"Colegio\",\"description\":\"P\u00e1gina oficial Salesianos Campano\",\"potentialAction\":[{\"@type\":\"SearchAction\",\"target\":{\"@type\":\"EntryPoint\",\"urlTemplate\":\"https:\\\/\\\/campano.salesianos.edu\\\/colegio\\\/?s={search_term_string}\"},\"query-input\":{\"@type\":\"PropertyValueSpecification\",\"valueRequired\":true,\"valueName\":\"search_term_string\"}}],\"inLanguage\":\"es\"},{\"@type\":\"Person\",\"@id\":\"https:\\\/\\\/campano.salesianos.edu\\\/colegio\\\/#\\\/schema\\\/person\\\/37ab5bf51cb11d154604226c8b208735\",\"name\":\"Soporte Web\",\"image\":{\"@type\":\"ImageObject\",\"inLanguage\":\"es\",\"@id\":\"https:\\\/\\\/secure.gravatar.com\\\/avatar\\\/35105146a07f803f4ea593230da71e3c4d1505d6348756fc5075468648a69a72?s=96&d=mm&r=g\",\"url\":\"https:\\\/\\\/secure.gravatar.com\\\/avatar\\\/35105146a07f803f4ea593230da71e3c4d1505d6348756fc5075468648a69a72?s=96&d=mm&r=g\",\"contentUrl\":\"https:\\\/\\\/secure.gravatar.com\\\/avatar\\\/35105146a07f803f4ea593230da71e3c4d1505d6348756fc5075468648a69a72?s=96&d=mm&r=g\",\"caption\":\"Soporte Web\"}}]}<\/script>\n<!-- \/ Yoast SEO plugin. -->","yoast_head_json":{"title":"La Fiesta de la Comunidad Inspectorial 2025 celebra la riqueza del carisma salesiano - Colegio","robots":{"index":"index","follow":"follow","max-snippet":"max-snippet:-1","max-image-preview":"max-image-preview:large","max-video-preview":"max-video-preview:-1"},"canonical":"https:\/\/campano.salesianos.edu\/colegio\/la-fiesta-de-la-comunidad-inspectorial-2025-celebra-la-riqueza-del-carisma-salesiano\/","og_locale":"es_ES","og_type":"article","og_title":"La Fiesta de la Comunidad Inspectorial 2025 celebra la riqueza del carisma salesiano - Colegio","og_description":"Durante la ma\u00f1ana del 26 de abril tuvo lugar en Triana la celebraci\u00f3n de la Fiesta de la Comunidad Inspectorial de Salesianos Mar\u00eda Auxiliadora, una de las fechas m\u00e1s significativas del calendario ya que sirve para homenajear a los hermanos y casas que celebran aniversarios.","og_url":"https:\/\/campano.salesianos.edu\/colegio\/la-fiesta-de-la-comunidad-inspectorial-2025-celebra-la-riqueza-del-carisma-salesiano\/","og_site_name":"Colegio","article_published_time":"2025-04-28T08:08:18+00:00","article_modified_time":"2025-04-28T08:46:37+00:00","og_image":[{"width":1920,"height":794,"url":"http:\/\/campano.salesianos.edu\/colegio\/wp-content\/uploads\/sites\/2\/2025\/04\/FOTO_GRUPO-FIESTA-INSPECTORIAL-2025-1-1920x794-1.jpg","type":"image\/jpeg"}],"author":"Soporte Web","twitter_card":"summary_large_image","twitter_misc":{"Escrito por":"Soporte Web","Tiempo de lectura":"3 minutos"},"schema":{"@context":"https:\/\/schema.org","@graph":[{"@type":"Article","@id":"https:\/\/campano.salesianos.edu\/colegio\/la-fiesta-de-la-comunidad-inspectorial-2025-celebra-la-riqueza-del-carisma-salesiano\/#article","isPartOf":{"@id":"https:\/\/campano.salesianos.edu\/colegio\/la-fiesta-de-la-comunidad-inspectorial-2025-celebra-la-riqueza-del-carisma-salesiano\/"},"author":{"name":"Soporte Web","@id":"https:\/\/campano.salesianos.edu\/colegio\/#\/schema\/person\/37ab5bf51cb11d154604226c8b208735"},"headline":"La Fiesta de la Comunidad Inspectorial 2025 celebra la riqueza del carisma salesiano","datePublished":"2025-04-28T08:08:18+00:00","dateModified":"2025-04-28T08:46:37+00:00","mainEntityOfPage":{"@id":"https:\/\/campano.salesianos.edu\/colegio\/la-fiesta-de-la-comunidad-inspectorial-2025-celebra-la-riqueza-del-carisma-salesiano\/"},"wordCount":867,"commentCount":0,"image":{"@id":"https:\/\/campano.salesianos.edu\/colegio\/la-fiesta-de-la-comunidad-inspectorial-2025-celebra-la-riqueza-del-carisma-salesiano\/#primaryimage"},"thumbnailUrl":"https:\/\/campano.salesianos.edu\/colegio\/wp-content\/uploads\/sites\/2\/2025\/04\/FOTO_GRUPO-FIESTA-INSPECTORIAL-2025-1-1920x794-1.jpg","articleSection":["Colegio"],"inLanguage":"es","potentialAction":[{"@type":"CommentAction","name":"Comment","target":["https:\/\/campano.salesianos.edu\/colegio\/la-fiesta-de-la-comunidad-inspectorial-2025-celebra-la-riqueza-del-carisma-salesiano\/#respond"]}]},{"@type":"WebPage","@id":"https:\/\/campano.salesianos.edu\/colegio\/la-fiesta-de-la-comunidad-inspectorial-2025-celebra-la-riqueza-del-carisma-salesiano\/","url":"https:\/\/campano.salesianos.edu\/colegio\/la-fiesta-de-la-comunidad-inspectorial-2025-celebra-la-riqueza-del-carisma-salesiano\/","name":"La Fiesta de la Comunidad Inspectorial 2025 celebra la riqueza del carisma salesiano - Colegio","isPartOf":{"@id":"https:\/\/campano.salesianos.edu\/colegio\/#website"},"primaryImageOfPage":{"@id":"https:\/\/campano.salesianos.edu\/colegio\/la-fiesta-de-la-comunidad-inspectorial-2025-celebra-la-riqueza-del-carisma-salesiano\/#primaryimage"},"image":{"@id":"https:\/\/campano.salesianos.edu\/colegio\/la-fiesta-de-la-comunidad-inspectorial-2025-celebra-la-riqueza-del-carisma-salesiano\/#primaryimage"},"thumbnailUrl":"https:\/\/campano.salesianos.edu\/colegio\/wp-content\/uploads\/sites\/2\/2025\/04\/FOTO_GRUPO-FIESTA-INSPECTORIAL-2025-1-1920x794-1.jpg","datePublished":"2025-04-28T08:08:18+00:00","dateModified":"2025-04-28T08:46:37+00:00","author":{"@id":"https:\/\/campano.salesianos.edu\/colegio\/#\/schema\/person\/37ab5bf51cb11d154604226c8b208735"},"breadcrumb":{"@id":"https:\/\/campano.salesianos.edu\/colegio\/la-fiesta-de-la-comunidad-inspectorial-2025-celebra-la-riqueza-del-carisma-salesiano\/#breadcrumb"},"inLanguage":"es","potentialAction":[{"@type":"ReadAction","target":["https:\/\/campano.salesianos.edu\/colegio\/la-fiesta-de-la-comunidad-inspectorial-2025-celebra-la-riqueza-del-carisma-salesiano\/"]}]},{"@type":"ImageObject","inLanguage":"es","@id":"https:\/\/campano.salesianos.edu\/colegio\/la-fiesta-de-la-comunidad-inspectorial-2025-celebra-la-riqueza-del-carisma-salesiano\/#primaryimage","url":"https:\/\/campano.salesianos.edu\/colegio\/wp-content\/uploads\/sites\/2\/2025\/04\/FOTO_GRUPO-FIESTA-INSPECTORIAL-2025-1-1920x794-1.jpg","contentUrl":"https:\/\/campano.salesianos.edu\/colegio\/wp-content\/uploads\/sites\/2\/2025\/04\/FOTO_GRUPO-FIESTA-INSPECTORIAL-2025-1-1920x794-1.jpg","width":1920,"height":794},{"@type":"BreadcrumbList","@id":"https:\/\/campano.salesianos.edu\/colegio\/la-fiesta-de-la-comunidad-inspectorial-2025-celebra-la-riqueza-del-carisma-salesiano\/#breadcrumb","itemListElement":[{"@type":"ListItem","position":1,"name":"Portada","item":"https:\/\/campano.salesianos.edu\/colegio\/"},{"@type":"ListItem","position":2,"name":"La Fiesta de la Comunidad Inspectorial 2025 celebra la riqueza del carisma salesiano"}]},{"@type":"WebSite","@id":"https:\/\/campano.salesianos.edu\/colegio\/#website","url":"https:\/\/campano.salesianos.edu\/colegio\/","name":"Colegio","description":"P\u00e1gina oficial Salesianos Campano","potentialAction":[{"@type":"SearchAction","target":{"@type":"EntryPoint","urlTemplate":"https:\/\/campano.salesianos.edu\/colegio\/?s={search_term_string}"},"query-input":{"@type":"PropertyValueSpecification","valueRequired":true,"valueName":"search_term_string"}}],"inLanguage":"es"},{"@type":"Person","@id":"https:\/\/campano.salesianos.edu\/colegio\/#\/schema\/person\/37ab5bf51cb11d154604226c8b208735","name":"Soporte Web","image":{"@type":"ImageObject","inLanguage":"es","@id":"https:\/\/secure.gravatar.com\/avatar\/35105146a07f803f4ea593230da71e3c4d1505d6348756fc5075468648a69a72?s=96&d=mm&r=g","url":"https:\/\/secure.gravatar.com\/avatar\/35105146a07f803f4ea593230da71e3c4d1505d6348756fc5075468648a69a72?s=96&d=mm&r=g","contentUrl":"https:\/\/secure.gravatar.com\/avatar\/35105146a07f803f4ea593230da71e3c4d1505d6348756fc5075468648a69a72?s=96&d=mm&r=g","caption":"Soporte Web"}}]}},"_links":{"self":[{"href":"https:\/\/campano.salesianos.edu\/colegio\/wp-json\/wp\/v2\/posts\/7846","targetHints":{"allow":["GET"]}}],"collection":[{"href":"https:\/\/campano.salesianos.edu\/colegio\/wp-json\/wp\/v2\/posts"}],"about":[{"href":"https:\/\/campano.salesianos.edu\/colegio\/wp-json\/wp\/v2\/types\/post"}],"author":[{"embeddable":true,"href":"https:\/\/campano.salesianos.edu\/colegio\/wp-json\/wp\/v2\/users\/2"}],"replies":[{"embeddable":true,"href":"https:\/\/campano.salesianos.edu\/colegio\/wp-json\/wp\/v2\/comments?post=7846"}],"version-history":[{"count":3,"href":"https:\/\/campano.salesianos.edu\/colegio\/wp-json\/wp\/v2\/posts\/7846\/revisions"}],"predecessor-version":[{"id":7855,"href":"https:\/\/campano.salesianos.edu\/colegio\/wp-json\/wp\/v2\/posts\/7846\/revisions\/7855"}],"wp:featuredmedia":[{"embeddable":true,"href":"https:\/\/campano.salesianos.edu\/colegio\/wp-json\/wp\/v2\/media\/7847"}],"wp:attachment":[{"href":"https:\/\/campano.salesianos.edu\/colegio\/wp-json\/wp\/v2\/media?parent=7846"}],"wp:term":[{"taxonomy":"category","embeddable":true,"href":"https:\/\/campano.salesianos.edu\/colegio\/wp-json\/wp\/v2\/categories?post=7846"},{"taxonomy":"post_tag","embeddable":true,"href":"https:\/\/campano.salesianos.edu\/colegio\/wp-json\/wp\/v2\/tags?post=7846"}],"curies":[{"name":"wp","href":"https:\/\/api.w.org\/{rel}","templated":true}]}}