{"id":5819,"date":"2018-02-21T14:29:21","date_gmt":"2018-02-21T13:29:21","guid":{"rendered":"http:\/\/campano.salesianos.edu\/colegio\/blog\/2018\/02\/21\/periodo-de-escolarizacion\/"},"modified":"2018-02-21T14:29:21","modified_gmt":"2018-02-21T13:29:21","slug":"periodo-de-escolarizacion","status":"publish","type":"post","link":"https:\/\/campano.salesianos.edu\/colegio\/periodo-de-escolarizacion\/","title":{"rendered":"PER\u00cdODO DE ESCOLARIZACI\u00d3N"},"content":{"rendered":"<div id=\"fb-root\"><\/div>\n<p>[et_pb_section bb_built=\u00bb1&#8243;][et_pb_row][et_pb_column type=\u00bb1_2&#8243;][et_pb_image _builder_version=\u00bb3.0.89&#8243; src=\u00bbhttp:\/\/campano.salesianos.edu\/wp-content\/uploads\/2018\/02\/logo-junta.jpg\u00bb show_in_lightbox=\u00bboff\u00bb url_new_window=\u00bboff\u00bb use_overlay=\u00bboff\u00bb always_center_on_mobile=\u00bbon\u00bb force_fullwidth=\u00bboff\u00bb show_bottom_space=\u00bbon\u00bb \/][\/et_pb_column][et_pb_column type=\u00bb1_2&#8243;][et_pb_text _builder_version=\u00bb3.0.89&#8243; background_layout=\u00bblight\u00bb]<\/p>\n<h1>COMIENZA EL PER\u00cdODO DE ESCOLARIZACI\u00d3N<\/h1>\n<p>El pr\u00f3ximo d\u00eda 1 de Marzo y hasta el 31 del mismo, comienza el per\u00edodo de preinscripci\u00f3n para el pr\u00f3ximo curso 2.018 \/ 2.019. As\u00ed las cosas, desde nuestra casa de Campano tambi\u00e9n ofrecemos plazas vacantes para el siguiente curso en: Primero, Segundo, Tercero y Cuarto de EDUCACI\u00d3N SECUNDARIA OBLIGATORIA.<\/p>\n<p>Al mismo tiempo, tambi\u00e9n se puede solicitar en las fechas indicadas,\u00a0 las BECAS PARA LA ESCUELA HOGAR para el curso 2.018 \/ 2.019<\/p>\n<p>De esta manera, el horario de Secretaria durante este per\u00edodo de preinscripci\u00f3n ser\u00e1 de 10 horas a 13,30 horas, en las oficinas de Secretaria de nuestra casa.<\/p>\n<p>Para m\u00e1s informaci\u00f3n puede llamar al tel\u00e9fono 956. 401.062 y preguntar por:\u00a0 IGNACIO CASTILLO (para la ESO) \u00f3 GERM\u00c1N GALLO\u00a0 \u00a0 \u00a0( para la escuela hogar)<\/p>\n<p>[\/et_pb_text][\/et_pb_column][\/et_pb_row][\/et_pb_section]<\/p>\n<!-- AddThis Advanced Settings generic via filter on the_content --><!-- AddThis Share Buttons generic via filter on the_content -->","protected":false},"excerpt":{"rendered":"<p><!-- AddThis Advanced Settings generic via filter on the_excerpt --><!-- AddThis Share Buttons generic via filter on the_excerpt --><\/p>\n","protected":false},"author":3,"featured_media":0,"comment_status":"open","ping_status":"open","sticky":false,"template":"","format":"standard","meta":{"_et_pb_use_builder":"on","_et_pb_old_content":"","_et_gb_content_width":"","footnotes":""},"categories":[9,8],"tags":[],"class_list":["post-5819","post","type-post","status-publish","format-standard","hentry","category-colegio","category-portada"],"yoast_head":"<!-- This site is optimized with the Yoast SEO plugin v28.3 - https:\/\/yoast.com\/product\/yoast-seo-wordpress\/ -->\n<title>PER\u00cdODO DE ESCOLARIZACI\u00d3N - Colegio<\/title>\n<meta name=\"robots\" content=\"index, follow, max-snippet:-1, max-image-preview:large, max-video-preview:-1\" \/>\n<link rel=\"canonical\" href=\"https:\/\/campano.salesianos.edu\/colegio\/periodo-de-escolarizacion\/\" \/>\n<meta property=\"og:locale\" content=\"es_ES\" \/>\n<meta property=\"og:type\" content=\"article\" \/>\n<meta property=\"og:title\" content=\"PER\u00cdODO DE ESCOLARIZACI\u00d3N - Colegio\" \/>\n<meta property=\"og:url\" content=\"https:\/\/campano.salesianos.edu\/colegio\/periodo-de-escolarizacion\/\" \/>\n<meta property=\"og:site_name\" content=\"Colegio\" \/>\n<meta property=\"article:published_time\" content=\"2018-02-21T13:29:21+00:00\" \/>\n<meta name=\"author\" content=\"Gestor Web\" \/>\n<meta name=\"twitter:card\" content=\"summary_large_image\" \/>\n<meta name=\"twitter:label1\" content=\"Escrito por\" \/>\n\t<meta name=\"twitter:data1\" content=\"Gestor Web\" \/>\n\t<meta name=\"twitter:label2\" content=\"Tiempo de lectura\" \/>\n\t<meta name=\"twitter:data2\" content=\"1 minuto\" \/>\n<script type=\"application\/ld+json\" class=\"yoast-schema-graph\">{\"@context\":\"https:\\\/\\\/schema.org\",\"@graph\":[{\"@type\":\"Article\",\"@id\":\"https:\\\/\\\/campano.salesianos.edu\\\/colegio\\\/periodo-de-escolarizacion\\\/#article\",\"isPartOf\":{\"@id\":\"https:\\\/\\\/campano.salesianos.edu\\\/colegio\\\/periodo-de-escolarizacion\\\/\"},\"author\":{\"name\":\"Gestor Web\",\"@id\":\"https:\\\/\\\/campano.salesianos.edu\\\/colegio\\\/#\\\/schema\\\/person\\\/61823b2e74e938722226a0c782cccdd5\"},\"headline\":\"PER\u00cdODO DE ESCOLARIZACI\u00d3N\",\"datePublished\":\"2018-02-21T13:29:21+00:00\",\"mainEntityOfPage\":{\"@id\":\"https:\\\/\\\/campano.salesianos.edu\\\/colegio\\\/periodo-de-escolarizacion\\\/\"},\"wordCount\":213,\"commentCount\":0,\"articleSection\":[\"Colegio\",\"Portada\"],\"inLanguage\":\"es\",\"potentialAction\":[{\"@type\":\"CommentAction\",\"name\":\"Comment\",\"target\":[\"https:\\\/\\\/campano.salesianos.edu\\\/colegio\\\/periodo-de-escolarizacion\\\/#respond\"]}]},{\"@type\":\"WebPage\",\"@id\":\"https:\\\/\\\/campano.salesianos.edu\\\/colegio\\\/periodo-de-escolarizacion\\\/\",\"url\":\"https:\\\/\\\/campano.salesianos.edu\\\/colegio\\\/periodo-de-escolarizacion\\\/\",\"name\":\"PER\u00cdODO DE ESCOLARIZACI\u00d3N - Colegio\",\"isPartOf\":{\"@id\":\"https:\\\/\\\/campano.salesianos.edu\\\/colegio\\\/#website\"},\"datePublished\":\"2018-02-21T13:29:21+00:00\",\"author\":{\"@id\":\"https:\\\/\\\/campano.salesianos.edu\\\/colegio\\\/#\\\/schema\\\/person\\\/61823b2e74e938722226a0c782cccdd5\"},\"breadcrumb\":{\"@id\":\"https:\\\/\\\/campano.salesianos.edu\\\/colegio\\\/periodo-de-escolarizacion\\\/#breadcrumb\"},\"inLanguage\":\"es\",\"potentialAction\":[{\"@type\":\"ReadAction\",\"target\":[\"https:\\\/\\\/campano.salesianos.edu\\\/colegio\\\/periodo-de-escolarizacion\\\/\"]}]},{\"@type\":\"BreadcrumbList\",\"@id\":\"https:\\\/\\\/campano.salesianos.edu\\\/colegio\\\/periodo-de-escolarizacion\\\/#breadcrumb\",\"itemListElement\":[{\"@type\":\"ListItem\",\"position\":1,\"name\":\"Portada\",\"item\":\"https:\\\/\\\/campano.salesianos.edu\\\/colegio\\\/\"},{\"@type\":\"ListItem\",\"position\":2,\"name\":\"PER\u00cdODO DE ESCOLARIZACI\u00d3N\"}]},{\"@type\":\"WebSite\",\"@id\":\"https:\\\/\\\/campano.salesianos.edu\\\/colegio\\\/#website\",\"url\":\"https:\\\/\\\/campano.salesianos.edu\\\/colegio\\\/\",\"name\":\"Colegio\",\"description\":\"P\u00e1gina oficial Salesianos Campano\",\"potentialAction\":[{\"@type\":\"SearchAction\",\"target\":{\"@type\":\"EntryPoint\",\"urlTemplate\":\"https:\\\/\\\/campano.salesianos.edu\\\/colegio\\\/?s={search_term_string}\"},\"query-input\":{\"@type\":\"PropertyValueSpecification\",\"valueRequired\":true,\"valueName\":\"search_term_string\"}}],\"inLanguage\":\"es\"},{\"@type\":\"Person\",\"@id\":\"https:\\\/\\\/campano.salesianos.edu\\\/colegio\\\/#\\\/schema\\\/person\\\/61823b2e74e938722226a0c782cccdd5\",\"name\":\"Gestor Web\",\"image\":{\"@type\":\"ImageObject\",\"inLanguage\":\"es\",\"@id\":\"https:\\\/\\\/secure.gravatar.com\\\/avatar\\\/c1f8ce381b8c6b2017b7c5a814377638d62eaf20d0f79b0364d3bef9edeea264?s=96&d=mm&r=g\",\"url\":\"https:\\\/\\\/secure.gravatar.com\\\/avatar\\\/c1f8ce381b8c6b2017b7c5a814377638d62eaf20d0f79b0364d3bef9edeea264?s=96&d=mm&r=g\",\"contentUrl\":\"https:\\\/\\\/secure.gravatar.com\\\/avatar\\\/c1f8ce381b8c6b2017b7c5a814377638d62eaf20d0f79b0364d3bef9edeea264?s=96&d=mm&r=g\",\"caption\":\"Gestor Web\"}}]}<\/script>\n<!-- \/ Yoast SEO plugin. -->","yoast_head_json":{"title":"PER\u00cdODO DE ESCOLARIZACI\u00d3N - Colegio","robots":{"index":"index","follow":"follow","max-snippet":"max-snippet:-1","max-image-preview":"max-image-preview:large","max-video-preview":"max-video-preview:-1"},"canonical":"https:\/\/campano.salesianos.edu\/colegio\/periodo-de-escolarizacion\/","og_locale":"es_ES","og_type":"article","og_title":"PER\u00cdODO DE ESCOLARIZACI\u00d3N - Colegio","og_url":"https:\/\/campano.salesianos.edu\/colegio\/periodo-de-escolarizacion\/","og_site_name":"Colegio","article_published_time":"2018-02-21T13:29:21+00:00","author":"Gestor Web","twitter_card":"summary_large_image","twitter_misc":{"Escrito por":"Gestor Web","Tiempo de lectura":"1 minuto"},"schema":{"@context":"https:\/\/schema.org","@graph":[{"@type":"Article","@id":"https:\/\/campano.salesianos.edu\/colegio\/periodo-de-escolarizacion\/#article","isPartOf":{"@id":"https:\/\/campano.salesianos.edu\/colegio\/periodo-de-escolarizacion\/"},"author":{"name":"Gestor Web","@id":"https:\/\/campano.salesianos.edu\/colegio\/#\/schema\/person\/61823b2e74e938722226a0c782cccdd5"},"headline":"PER\u00cdODO DE ESCOLARIZACI\u00d3N","datePublished":"2018-02-21T13:29:21+00:00","mainEntityOfPage":{"@id":"https:\/\/campano.salesianos.edu\/colegio\/periodo-de-escolarizacion\/"},"wordCount":213,"commentCount":0,"articleSection":["Colegio","Portada"],"inLanguage":"es","potentialAction":[{"@type":"CommentAction","name":"Comment","target":["https:\/\/campano.salesianos.edu\/colegio\/periodo-de-escolarizacion\/#respond"]}]},{"@type":"WebPage","@id":"https:\/\/campano.salesianos.edu\/colegio\/periodo-de-escolarizacion\/","url":"https:\/\/campano.salesianos.edu\/colegio\/periodo-de-escolarizacion\/","name":"PER\u00cdODO DE ESCOLARIZACI\u00d3N - Colegio","isPartOf":{"@id":"https:\/\/campano.salesianos.edu\/colegio\/#website"},"datePublished":"2018-02-21T13:29:21+00:00","author":{"@id":"https:\/\/campano.salesianos.edu\/colegio\/#\/schema\/person\/61823b2e74e938722226a0c782cccdd5"},"breadcrumb":{"@id":"https:\/\/campano.salesianos.edu\/colegio\/periodo-de-escolarizacion\/#breadcrumb"},"inLanguage":"es","potentialAction":[{"@type":"ReadAction","target":["https:\/\/campano.salesianos.edu\/colegio\/periodo-de-escolarizacion\/"]}]},{"@type":"BreadcrumbList","@id":"https:\/\/campano.salesianos.edu\/colegio\/periodo-de-escolarizacion\/#breadcrumb","itemListElement":[{"@type":"ListItem","position":1,"name":"Portada","item":"https:\/\/campano.salesianos.edu\/colegio\/"},{"@type":"ListItem","position":2,"name":"PER\u00cdODO DE ESCOLARIZACI\u00d3N"}]},{"@type":"WebSite","@id":"https:\/\/campano.salesianos.edu\/colegio\/#website","url":"https:\/\/campano.salesianos.edu\/colegio\/","name":"Colegio","description":"P\u00e1gina oficial Salesianos Campano","potentialAction":[{"@type":"SearchAction","target":{"@type":"EntryPoint","urlTemplate":"https:\/\/campano.salesianos.edu\/colegio\/?s={search_term_string}"},"query-input":{"@type":"PropertyValueSpecification","valueRequired":true,"valueName":"search_term_string"}}],"inLanguage":"es"},{"@type":"Person","@id":"https:\/\/campano.salesianos.edu\/colegio\/#\/schema\/person\/61823b2e74e938722226a0c782cccdd5","name":"Gestor Web","image":{"@type":"ImageObject","inLanguage":"es","@id":"https:\/\/secure.gravatar.com\/avatar\/c1f8ce381b8c6b2017b7c5a814377638d62eaf20d0f79b0364d3bef9edeea264?s=96&d=mm&r=g","url":"https:\/\/secure.gravatar.com\/avatar\/c1f8ce381b8c6b2017b7c5a814377638d62eaf20d0f79b0364d3bef9edeea264?s=96&d=mm&r=g","contentUrl":"https:\/\/secure.gravatar.com\/avatar\/c1f8ce381b8c6b2017b7c5a814377638d62eaf20d0f79b0364d3bef9edeea264?s=96&d=mm&r=g","caption":"Gestor Web"}}]}},"_links":{"self":[{"href":"https:\/\/campano.salesianos.edu\/colegio\/wp-json\/wp\/v2\/posts\/5819","targetHints":{"allow":["GET"]}}],"collection":[{"href":"https:\/\/campano.salesianos.edu\/colegio\/wp-json\/wp\/v2\/posts"}],"about":[{"href":"https:\/\/campano.salesianos.edu\/colegio\/wp-json\/wp\/v2\/types\/post"}],"author":[{"embeddable":true,"href":"https:\/\/campano.salesianos.edu\/colegio\/wp-json\/wp\/v2\/users\/3"}],"replies":[{"embeddable":true,"href":"https:\/\/campano.salesianos.edu\/colegio\/wp-json\/wp\/v2\/comments?post=5819"}],"version-history":[{"count":1,"href":"https:\/\/campano.salesianos.edu\/colegio\/wp-json\/wp\/v2\/posts\/5819\/revisions"}],"predecessor-version":[{"id":5820,"href":"https:\/\/campano.salesianos.edu\/colegio\/wp-json\/wp\/v2\/posts\/5819\/revisions\/5820"}],"wp:attachment":[{"href":"https:\/\/campano.salesianos.edu\/colegio\/wp-json\/wp\/v2\/media?parent=5819"}],"wp:term":[{"taxonomy":"category","embeddable":true,"href":"https:\/\/campano.salesianos.edu\/colegio\/wp-json\/wp\/v2\/categories?post=5819"},{"taxonomy":"post_tag","embeddable":true,"href":"https:\/\/campano.salesianos.edu\/colegio\/wp-json\/wp\/v2\/tags?post=5819"}],"curies":[{"name":"wp","href":"https:\/\/api.w.org\/{rel}","templated":true}]}}